{"id":3106,"date":"2013-03-26T20:19:22","date_gmt":"2013-03-26T23:19:22","guid":{"rendered":"https:\/\/blue-kingfisher-291148.hostingersite.com\/2013\/03\/26\/politica-de-migracao-no-brasil\/"},"modified":"2024-03-09T13:17:13","modified_gmt":"2024-03-09T16:17:13","slug":"politica-de-migracao-no-brasil","status":"publish","type":"post","link":"https:\/\/csem.org.br\/it\/politica-de-migracao-no-brasil\/","title":{"rendered":"La politica migratoria in Brasile"},"content":{"rendered":"<p><img decoding=\"async\" src=\"https:\/\/csem.org.br\/images\/idioma\/idi_bra.gif\" width=\"24\" height=\"17\" alt=\"idi bra\" style=\"margin-right: 10px; margin-bottom: 10px; float: left;\" \/>La politica migratoria in Brasile: l'impegno del legislatore<\/p>\n<p>&nbsp;<strong>Pedro Wilson Guimar\u00e3es<\/strong><\/p>\n<p>  <!--more-->  <\/p>\n<p style=\"text-align: justify;\">&nbsp;Innanzitutto, vorremmo congratularci con il Centro Scalabriniano di Studi sulle Migrazioni (CSEM) di Unieuro per l'organizzazione di questo dibattito, e allo stesso tempo ringraziarli per averci invitato a far parte di un panel cos\u00ec illustre ed elevato, sia per l'importanza del tema che per la ricchezza di idee dei discussant. Sicuramente oggi abbiamo una grande opportunit\u00e0 di far luce su questo tema, spesso oscurato dal mondo legislativo e politico.<\/p>\n<p><strong>Pedro Wilson Guimar\u00e3es<\/strong><\/p>\n<p><a href=\"https:\/\/csem.org.br\/it\/pdfs\/politica_de_migracao_o_compromisso_do_legislativo_pedro_w..pdf\/\"><strong>Clicca qui per leggere l'articolo completo in portoghese<\/strong><\/a><\/p>\n<p>&nbsp;<\/p>","protected":false},"excerpt":{"rendered":"<p>La politica migratoria in Brasile: l'impegno del legislatore Pedro Wilson Guimar\u00e3es<\/p>","protected":false},"author":2,"featured_media":0,"comment_status":"closed","ping_status":"closed","sticky":false,"template":"","format":"standard","meta":{"_acf_changed":false,"footnotes":""},"categories":[7],"tags":[],"class_list":["post-3106","post","type-post","status-publish","format-standard","hentry","category-artigos"],"acf":[],"yoast_head":"<!-- This site is optimized with the Yoast SEO plugin v28.4 - https:\/\/yoast.com\/product\/yoast-seo-wordpress\/ -->\n<title>Pol\u00edtica de migra\u00e7\u00e3o no Brasil - CSEM - Centro Scalabriniano de Estudos Migrat\u00f3rios<\/title>\n<meta name=\"robots\" content=\"index, follow, max-snippet:-1, max-image-preview:large, max-video-preview:-1\" \/>\n<link rel=\"canonical\" href=\"https:\/\/csem.org.br\/it\/politica-de-migracao-no-brasil\/\" \/>\n<meta property=\"og:locale\" content=\"it_IT\" \/>\n<meta property=\"og:type\" content=\"article\" \/>\n<meta property=\"og:title\" content=\"Pol\u00edtica de migra\u00e7\u00e3o no Brasil - CSEM - Centro Scalabriniano de Estudos Migrat\u00f3rios\" \/>\n<meta property=\"og:description\" content=\"Pol\u00edtica de migra\u00e7\u00e3o no Brasil: o compromisso do lesgislativo &nbsp;Pedro Wilson Guimar\u00e3es\" \/>\n<meta property=\"og:url\" content=\"https:\/\/csem.org.br\/it\/politica-de-migracao-no-brasil\/\" \/>\n<meta property=\"og:site_name\" content=\"CSEM - Centro Scalabriniano de Estudos Migrat\u00f3rios\" \/>\n<meta property=\"article:published_time\" content=\"2013-03-26T23:19:22+00:00\" \/>\n<meta property=\"article:modified_time\" content=\"2024-03-09T16:17:13+00:00\" \/>\n<meta property=\"og:image\" content=\"https:\/\/csem.org.br\/images\/idioma\/idi_bra.gif\" \/>\n<meta name=\"author\" content=\"AgCrDiWo\" \/>\n<meta name=\"twitter:card\" content=\"summary_large_image\" \/>\n<meta name=\"twitter:label1\" content=\"Scritto da\" \/>\n\t<meta name=\"twitter:data1\" content=\"AgCrDiWo\" \/>\n\t<meta name=\"twitter:label2\" content=\"Tempo di lettura stimato\" \/>\n\t<meta name=\"twitter:data2\" content=\"1 minuto\" \/>\n<script type=\"application\/ld+json\" class=\"yoast-schema-graph\">{\"@context\":\"https:\\\/\\\/schema.org\",\"@graph\":[{\"@type\":\"Article\",\"@id\":\"https:\\\/\\\/csem.org.br\\\/politica-de-migracao-no-brasil\\\/#article\",\"isPartOf\":{\"@id\":\"https:\\\/\\\/csem.org.br\\\/politica-de-migracao-no-brasil\\\/\"},\"author\":{\"name\":\"AgCrDiWo\",\"@id\":\"https:\\\/\\\/csem.org.br\\\/en\\\/#\\\/schema\\\/person\\\/c63a3c4d4062b8cc3ad49ff93925ccf5\"},\"headline\":\"Pol\u00edtica de migra\u00e7\u00e3o no Brasil\",\"datePublished\":\"2013-03-26T23:19:22+00:00\",\"dateModified\":\"2024-03-09T16:17:13+00:00\",\"mainEntityOfPage\":{\"@id\":\"https:\\\/\\\/csem.org.br\\\/politica-de-migracao-no-brasil\\\/\"},\"wordCount\":113,\"publisher\":{\"@id\":\"https:\\\/\\\/csem.org.br\\\/en\\\/#organization\"},\"image\":{\"@id\":\"https:\\\/\\\/csem.org.br\\\/politica-de-migracao-no-brasil\\\/#primaryimage\"},\"thumbnailUrl\":\"https:\\\/\\\/csem.org.br\\\/images\\\/idioma\\\/idi_bra.gif\",\"articleSection\":[\"Artigos\"],\"inLanguage\":\"it-IT\"},{\"@type\":\"WebPage\",\"@id\":\"https:\\\/\\\/csem.org.br\\\/politica-de-migracao-no-brasil\\\/\",\"url\":\"https:\\\/\\\/csem.org.br\\\/politica-de-migracao-no-brasil\\\/\",\"name\":\"Pol\u00edtica de migra\u00e7\u00e3o no Brasil - CSEM - Centro Scalabriniano de Estudos Migrat\u00f3rios\",\"isPartOf\":{\"@id\":\"https:\\\/\\\/csem.org.br\\\/en\\\/#website\"},\"primaryImageOfPage\":{\"@id\":\"https:\\\/\\\/csem.org.br\\\/politica-de-migracao-no-brasil\\\/#primaryimage\"},\"image\":{\"@id\":\"https:\\\/\\\/csem.org.br\\\/politica-de-migracao-no-brasil\\\/#primaryimage\"},\"thumbnailUrl\":\"https:\\\/\\\/csem.org.br\\\/images\\\/idioma\\\/idi_bra.gif\",\"datePublished\":\"2013-03-26T23:19:22+00:00\",\"dateModified\":\"2024-03-09T16:17:13+00:00\",\"breadcrumb\":{\"@id\":\"https:\\\/\\\/csem.org.br\\\/politica-de-migracao-no-brasil\\\/#breadcrumb\"},\"inLanguage\":\"it-IT\",\"potentialAction\":[{\"@type\":\"ReadAction\",\"target\":[\"https:\\\/\\\/csem.org.br\\\/politica-de-migracao-no-brasil\\\/\"]}]},{\"@type\":\"ImageObject\",\"inLanguage\":\"it-IT\",\"@id\":\"https:\\\/\\\/csem.org.br\\\/politica-de-migracao-no-brasil\\\/#primaryimage\",\"url\":\"https:\\\/\\\/csem.org.br\\\/images\\\/idioma\\\/idi_bra.gif\",\"contentUrl\":\"https:\\\/\\\/csem.org.br\\\/images\\\/idioma\\\/idi_bra.gif\"},{\"@type\":\"BreadcrumbList\",\"@id\":\"https:\\\/\\\/csem.org.br\\\/politica-de-migracao-no-brasil\\\/#breadcrumb\",\"itemListElement\":[{\"@type\":\"ListItem\",\"position\":1,\"name\":\"In\u00edcio\",\"item\":\"https:\\\/\\\/csem.org.br\\\/en\\\/\"},{\"@type\":\"ListItem\",\"position\":2,\"name\":\"Pol\u00edtica de migra\u00e7\u00e3o no Brasil\"}]},{\"@type\":\"WebSite\",\"@id\":\"https:\\\/\\\/csem.org.br\\\/en\\\/#website\",\"url\":\"https:\\\/\\\/csem.org.br\\\/en\\\/\",\"name\":\"CSEM - Centro Scalabriniano de Estudos Migrat\u00f3rios\",\"description\":\"\",\"publisher\":{\"@id\":\"https:\\\/\\\/csem.org.br\\\/en\\\/#organization\"},\"potentialAction\":[{\"@type\":\"SearchAction\",\"target\":{\"@type\":\"EntryPoint\",\"urlTemplate\":\"https:\\\/\\\/csem.org.br\\\/en\\\/?s={search_term_string}\"},\"query-input\":{\"@type\":\"PropertyValueSpecification\",\"valueRequired\":true,\"valueName\":\"search_term_string\"}}],\"inLanguage\":\"it-IT\"},{\"@type\":\"Organization\",\"@id\":\"https:\\\/\\\/csem.org.br\\\/en\\\/#organization\",\"name\":\"CSEM - Centro Scalabriniano de Estudos Migrat\u00f3rios\",\"url\":\"https:\\\/\\\/csem.org.br\\\/en\\\/\",\"logo\":{\"@type\":\"ImageObject\",\"inLanguage\":\"it-IT\",\"@id\":\"https:\\\/\\\/csem.org.br\\\/en\\\/#\\\/schema\\\/logo\\\/image\\\/\",\"url\":\"https:\\\/\\\/csem.org.br\\\/wp-content\\\/uploads\\\/2023\\\/07\\\/LOGO-2.png\",\"contentUrl\":\"https:\\\/\\\/csem.org.br\\\/wp-content\\\/uploads\\\/2023\\\/07\\\/LOGO-2.png\",\"width\":3620,\"height\":1537,\"caption\":\"CSEM - Centro Scalabriniano de Estudos Migrat\u00f3rios\"},\"image\":{\"@id\":\"https:\\\/\\\/csem.org.br\\\/en\\\/#\\\/schema\\\/logo\\\/image\\\/\"},\"sameAs\":[\"https:\\\/\\\/www.instagram.com\\\/csem_scalabrinianas\\\/\"]},{\"@type\":\"Person\",\"@id\":\"https:\\\/\\\/csem.org.br\\\/en\\\/#\\\/schema\\\/person\\\/c63a3c4d4062b8cc3ad49ff93925ccf5\",\"name\":\"AgCrDiWo\",\"image\":{\"@type\":\"ImageObject\",\"inLanguage\":\"it-IT\",\"@id\":\"https:\\\/\\\/csem.org.br\\\/wp-content\\\/litespeed\\\/avatar\\\/8e9a84e0ac67741191410f64ce8445e9.jpg?ver=1787952580\",\"url\":\"https:\\\/\\\/csem.org.br\\\/wp-content\\\/litespeed\\\/avatar\\\/8e9a84e0ac67741191410f64ce8445e9.jpg?ver=1787952580\",\"contentUrl\":\"https:\\\/\\\/csem.org.br\\\/wp-content\\\/litespeed\\\/avatar\\\/8e9a84e0ac67741191410f64ce8445e9.jpg?ver=1787952580\",\"caption\":\"AgCrDiWo\"},\"url\":\"https:\\\/\\\/csem.org.br\\\/it\\\/author\\\/agcrdiwo\\\/\"}]}<\/script>\n<!-- \/ Yoast SEO plugin. -->","yoast_head_json":{"title":"Pol\u00edtica de migra\u00e7\u00e3o no Brasil - CSEM - Centro Scalabriniano de Estudos Migrat\u00f3rios","robots":{"index":"index","follow":"follow","max-snippet":"max-snippet:-1","max-image-preview":"max-image-preview:large","max-video-preview":"max-video-preview:-1"},"canonical":"https:\/\/csem.org.br\/it\/politica-de-migracao-no-brasil\/","og_locale":"it_IT","og_type":"article","og_title":"Pol\u00edtica de migra\u00e7\u00e3o no Brasil - CSEM - Centro Scalabriniano de Estudos Migrat\u00f3rios","og_description":"Pol\u00edtica de migra\u00e7\u00e3o no Brasil: o compromisso do lesgislativo &nbsp;Pedro Wilson Guimar\u00e3es","og_url":"https:\/\/csem.org.br\/it\/politica-de-migracao-no-brasil\/","og_site_name":"CSEM - Centro Scalabriniano de Estudos Migrat\u00f3rios","article_published_time":"2013-03-26T23:19:22+00:00","article_modified_time":"2024-03-09T16:17:13+00:00","og_image":[{"url":"https:\/\/csem.org.br\/images\/idioma\/idi_bra.gif","type":"","width":"","height":""}],"author":"AgCrDiWo","twitter_card":"summary_large_image","twitter_misc":{"Scritto da":"AgCrDiWo","Tempo di lettura stimato":"1 minuto"},"schema":{"@context":"https:\/\/schema.org","@graph":[{"@type":"Article","@id":"https:\/\/csem.org.br\/politica-de-migracao-no-brasil\/#article","isPartOf":{"@id":"https:\/\/csem.org.br\/politica-de-migracao-no-brasil\/"},"author":{"name":"AgCrDiWo","@id":"https:\/\/csem.org.br\/en\/#\/schema\/person\/c63a3c4d4062b8cc3ad49ff93925ccf5"},"headline":"Pol\u00edtica de migra\u00e7\u00e3o no Brasil","datePublished":"2013-03-26T23:19:22+00:00","dateModified":"2024-03-09T16:17:13+00:00","mainEntityOfPage":{"@id":"https:\/\/csem.org.br\/politica-de-migracao-no-brasil\/"},"wordCount":113,"publisher":{"@id":"https:\/\/csem.org.br\/en\/#organization"},"image":{"@id":"https:\/\/csem.org.br\/politica-de-migracao-no-brasil\/#primaryimage"},"thumbnailUrl":"https:\/\/csem.org.br\/images\/idioma\/idi_bra.gif","articleSection":["Artigos"],"inLanguage":"it-IT"},{"@type":"WebPage","@id":"https:\/\/csem.org.br\/politica-de-migracao-no-brasil\/","url":"https:\/\/csem.org.br\/politica-de-migracao-no-brasil\/","name":"Pol\u00edtica de migra\u00e7\u00e3o no Brasil - CSEM - Centro Scalabriniano de Estudos Migrat\u00f3rios","isPartOf":{"@id":"https:\/\/csem.org.br\/en\/#website"},"primaryImageOfPage":{"@id":"https:\/\/csem.org.br\/politica-de-migracao-no-brasil\/#primaryimage"},"image":{"@id":"https:\/\/csem.org.br\/politica-de-migracao-no-brasil\/#primaryimage"},"thumbnailUrl":"https:\/\/csem.org.br\/images\/idioma\/idi_bra.gif","datePublished":"2013-03-26T23:19:22+00:00","dateModified":"2024-03-09T16:17:13+00:00","breadcrumb":{"@id":"https:\/\/csem.org.br\/politica-de-migracao-no-brasil\/#breadcrumb"},"inLanguage":"it-IT","potentialAction":[{"@type":"ReadAction","target":["https:\/\/csem.org.br\/politica-de-migracao-no-brasil\/"]}]},{"@type":"ImageObject","inLanguage":"it-IT","@id":"https:\/\/csem.org.br\/politica-de-migracao-no-brasil\/#primaryimage","url":"https:\/\/csem.org.br\/images\/idioma\/idi_bra.gif","contentUrl":"https:\/\/csem.org.br\/images\/idioma\/idi_bra.gif"},{"@type":"BreadcrumbList","@id":"https:\/\/csem.org.br\/politica-de-migracao-no-brasil\/#breadcrumb","itemListElement":[{"@type":"ListItem","position":1,"name":"In\u00edcio","item":"https:\/\/csem.org.br\/en\/"},{"@type":"ListItem","position":2,"name":"Pol\u00edtica de migra\u00e7\u00e3o no Brasil"}]},{"@type":"WebSite","@id":"https:\/\/csem.org.br\/en\/#website","url":"https:\/\/csem.org.br\/en\/","name":"CSEM - Centro Scalabriniano di Studi sulle Migrazioni","description":"","publisher":{"@id":"https:\/\/csem.org.br\/en\/#organization"},"potentialAction":[{"@type":"SearchAction","target":{"@type":"EntryPoint","urlTemplate":"https:\/\/csem.org.br\/en\/?s={search_term_string}"},"query-input":{"@type":"PropertyValueSpecification","valueRequired":true,"valueName":"search_term_string"}}],"inLanguage":"it-IT"},{"@type":"Organization","@id":"https:\/\/csem.org.br\/en\/#organization","name":"CSEM - Centro Scalabriniano di Studi sulle Migrazioni","url":"https:\/\/csem.org.br\/en\/","logo":{"@type":"ImageObject","inLanguage":"it-IT","@id":"https:\/\/csem.org.br\/en\/#\/schema\/logo\/image\/","url":"https:\/\/csem.org.br\/wp-content\/uploads\/2023\/07\/LOGO-2.png","contentUrl":"https:\/\/csem.org.br\/wp-content\/uploads\/2023\/07\/LOGO-2.png","width":3620,"height":1537,"caption":"CSEM - Centro Scalabriniano de Estudos Migrat\u00f3rios"},"image":{"@id":"https:\/\/csem.org.br\/en\/#\/schema\/logo\/image\/"},"sameAs":["https:\/\/www.instagram.com\/csem_scalabrinianas\/"]},{"@type":"Person","@id":"https:\/\/csem.org.br\/en\/#\/schema\/person\/c63a3c4d4062b8cc3ad49ff93925ccf5","name":"AgCrDiWo","image":{"@type":"ImageObject","inLanguage":"it-IT","@id":"https:\/\/csem.org.br\/wp-content\/litespeed\/avatar\/8e9a84e0ac67741191410f64ce8445e9.jpg?ver=1787952580","url":"https:\/\/csem.org.br\/wp-content\/litespeed\/avatar\/8e9a84e0ac67741191410f64ce8445e9.jpg?ver=1787952580","contentUrl":"https:\/\/csem.org.br\/wp-content\/litespeed\/avatar\/8e9a84e0ac67741191410f64ce8445e9.jpg?ver=1787952580","caption":"AgCrDiWo"},"url":"https:\/\/csem.org.br\/it\/author\/agcrdiwo\/"}]}},"_links":{"self":[{"href":"https:\/\/csem.org.br\/it\/wp-json\/wp\/v2\/posts\/3106","targetHints":{"allow":["GET"]}}],"collection":[{"href":"https:\/\/csem.org.br\/it\/wp-json\/wp\/v2\/posts"}],"about":[{"href":"https:\/\/csem.org.br\/it\/wp-json\/wp\/v2\/types\/post"}],"author":[{"embeddable":true,"href":"https:\/\/csem.org.br\/it\/wp-json\/wp\/v2\/users\/2"}],"replies":[{"embeddable":true,"href":"https:\/\/csem.org.br\/it\/wp-json\/wp\/v2\/comments?post=3106"}],"version-history":[{"count":0,"href":"https:\/\/csem.org.br\/it\/wp-json\/wp\/v2\/posts\/3106\/revisions"}],"wp:attachment":[{"href":"https:\/\/csem.org.br\/it\/wp-json\/wp\/v2\/media?parent=3106"}],"wp:term":[{"taxonomy":"category","embeddable":true,"href":"https:\/\/csem.org.br\/it\/wp-json\/wp\/v2\/categories?post=3106"},{"taxonomy":"post_tag","embeddable":true,"href":"https:\/\/csem.org.br\/it\/wp-json\/wp\/v2\/tags?post=3106"}],"curies":[{"name":"wp","href":"https:\/\/api.w.org\/{rel}","templated":true}]}}